{"id":98,"date":"2023-02-26T17:16:22","date_gmt":"2023-02-26T17:16:22","guid":{"rendered":"https:\/\/demo.themeansar.com\/newsup\/lite\/?p=98"},"modified":"2023-02-26T17:16:22","modified_gmt":"2023-02-26T17:16:22","slug":"top-5-most-overrated-players-in-the-premier-league-2019-20","status":"publish","type":"post","link":"https:\/\/casa.congresodelospueblos.net\/?p=98","title":{"rendered":"Una sede para el fortalecimiento y recreaci\u00f3n de la vida"},"content":{"rendered":"\n<p>El CDP es un movimiento social y pol\u00edtico que articula diferentes din\u00e1micas de pueblos, regiones y sectores, en la lucha por la soberan\u00eda nacional. Obreros, campesinos, ind\u00edgenas, afrocolombianos, mujeres, j\u00f3venes y estudiantes, conformamos este proceso que ha venido construyendo una legislaci\u00f3n popular a trav\u00e9s de mandatos, que sintetizan las posturas y propuestas que hemos venido recreando con el objetivo de alcanzar una vida digna para la poblaci\u00f3n colombiana.<\/p>\n\n\n\n<p>Desde nuestra constituci\u00f3n, en el 2010, nos caracterizamos por ser un escenario de articulaci\u00f3n de procesos rurales y urbanos en torno a una propuesta de pa\u00eds com\u00fan, por lo cual, vemos la necesidad de contar con un espacio propio de encuentro que nos permita continuar trabajando por las reivindicaciones de los sectores y regiones que representamos.<\/p>\n\n\n\n<p>El CNA es una organizaci\u00f3n campesina, de mujeres y hombres, pescadores, agromineros y trabajadores del campo, con presencia en 22 departamentos del pa\u00eds (Colombia), conformada por procesos regionales, departamentales y locales, parte del CDP en los que nos reconocemos como clase popular. Somos parte de los millones de personas que aportamos colectivamente para suplir las necesidades de la humanidad por medio de nuestro trabajo. En ese sentido, nuestras propuestas, m\u00e1s all\u00e1 de ir enfocadas \u00fanicamente a resolver nuestras necesidades, son planteamientos de salida a la crisis que vivimos en el campo y la ciudad, producto del modo de producci\u00f3n capitalista.<\/p>\n\n\n\n<p>\u201c<em><strong>Una casa para los pueblos\u201d<\/strong><\/em>, se concibe como una sede para el fortalecimiento y recreaci\u00f3n de la vida pol\u00edtica, social y cultural de las regiones que hacemos parte del CNA y del CDP. A su vez, estar\u00e1 a disposici\u00f3n del conjunto del movimiento social y popular de Colombia, para la articulaci\u00f3n de las distintas plataformas de lucha y en aras de encontrar nuevas formas de construcci\u00f3n de democracia real y gobierno propio. Esta campa\u00f1a nacional e internacional tiene el objetivo la recolecci\u00f3n recursos para la construcci\u00f3n de nuestra sede en Bogot\u00e1.<\/p>\n\n\n\n<p>Por esto, tenemos el gusto de invitarle a la actividad de relanzamiento, que se realizar\u00e1 el d\u00eda s\u00e1bado 11 de marzo del 2023 a las 4:00 pm, en el auditorio de la Facultad de Agronom\u00eda (Bloque&#8230;)de la Universidad Nacional.<\/p>\n\n\n\n<p>Para m\u00e1s informaci\u00f3n y confirmar la participaci\u00f3n, lo pueden hacer a trav\u00e9s del n\u00famero:<\/p>\n\n\n\n<p>+57 310 280 3128 o al correo <a href=\"mailto:casa@congresodelospueblos.net\">casa@congresodelospueblos.net<\/a><\/p>\n","protected":false},"excerpt":{"rendered":"<p>El CDP es un movimiento social y pol\u00edtico que articula diferentes din\u00e1micas de pueblos, regiones y sectores, en la lucha por la soberan\u00eda nacional. Obreros, campesinos, ind\u00edgenas, afrocolombianos, mujeres, j\u00f3venes y estudiantes, conformamos este proceso que ha venido construyendo una legislaci\u00f3n popular a trav\u00e9s de mandatos, que sintetizan las posturas y propuestas que hemos venido [&hellip;]<\/p>\n","protected":false},"author":1,"featured_media":153,"comment_status":"open","ping_status":"open","sticky":false,"template":"","format":"standard","meta":{"ngg_post_thumbnail":0,"footnotes":""},"categories":[21,5],"tags":[15],"class_list":["post-98","post","type-post","status-publish","format-standard","has-post-thumbnail","hentry","category-casa","category-news","tag-sport"],"_links":{"self":[{"href":"https:\/\/casa.congresodelospueblos.net\/index.php?rest_route=\/wp\/v2\/posts\/98","targetHints":{"allow":["GET"]}}],"collection":[{"href":"https:\/\/casa.congresodelospueblos.net\/index.php?rest_route=\/wp\/v2\/posts"}],"about":[{"href":"https:\/\/casa.congresodelospueblos.net\/index.php?rest_route=\/wp\/v2\/types\/post"}],"author":[{"embeddable":true,"href":"https:\/\/casa.congresodelospueblos.net\/index.php?rest_route=\/wp\/v2\/users\/1"}],"replies":[{"embeddable":true,"href":"https:\/\/casa.congresodelospueblos.net\/index.php?rest_route=%2Fwp%2Fv2%2Fcomments&post=98"}],"version-history":[{"count":2,"href":"https:\/\/casa.congresodelospueblos.net\/index.php?rest_route=\/wp\/v2\/posts\/98\/revisions"}],"predecessor-version":[{"id":161,"href":"https:\/\/casa.congresodelospueblos.net\/index.php?rest_route=\/wp\/v2\/posts\/98\/revisions\/161"}],"wp:featuredmedia":[{"embeddable":true,"href":"https:\/\/casa.congresodelospueblos.net\/index.php?rest_route=\/wp\/v2\/media\/153"}],"wp:attachment":[{"href":"https:\/\/casa.congresodelospueblos.net\/index.php?rest_route=%2Fwp%2Fv2%2Fmedia&parent=98"}],"wp:term":[{"taxonomy":"category","embeddable":true,"href":"https:\/\/casa.congresodelospueblos.net\/index.php?rest_route=%2Fwp%2Fv2%2Fcategories&post=98"},{"taxonomy":"post_tag","embeddable":true,"href":"https:\/\/casa.congresodelospueblos.net\/index.php?rest_route=%2Fwp%2Fv2%2Ftags&post=98"}],"curies":[{"name":"wp","href":"https:\/\/api.w.org\/{rel}","templated":true}]}}